{"id":487,"date":"2024-04-21T20:04:43","date_gmt":"2024-04-21T18:04:43","guid":{"rendered":"https:\/\/www.spdgransee-fuerstenberg.de\/?p=487"},"modified":"2024-04-21T20:07:36","modified_gmt":"2024-04-21T18:07:36","slug":"der-reitertag-in-kraatz-war-ein-voller-erfolg","status":"publish","type":"post","link":"https:\/\/www.spdgransee-fuerstenberg.de\/?p=487","title":{"rendered":"Der Reitertag in Kraatz war ein voller Erfolg."},"content":{"rendered":"\n<p>Trotz frischer Temperaturen kamen viele Leute nach Kraatz und bekamen klasse Reit- und Fahrsport geboten. Bei den Reiterinnen waren sch\u00f6ne Spr\u00fcnge zu bestaunen sowie die Akrobatik der ganz Kleinen beim Voltigieren. Beim Gespannfahren ging es hei\u00df her und es war unglaublich, was die kleinen Ponys drauf hatten sowie die Kalt-und Warmbl\u00fcter.<\/p>\n\n\n\n<p>Hungern und verdursten musste niemand und die Kleinen kamen auch auf ihre Kosten. Au\u00dferdem wurde dem alten Vorstand des Reitvereins Kraatz e. V. die Ehre zu Teil, die ihnen geb\u00fchrt. Hut ab vor so viel Engagement \u00fcber teilweise zwei Jahrzehnte. <\/p>\n\n\n\n<p>Ein gro\u00dfes Dankesch\u00f6n an den Reitverein Kraatz e. V. f\u00fcr die klasse Organisation sowie an alle Reiterrinnen und Reiter, Fahrerinnen und Fahrer mit ihren Pferden. Au\u00dferdem gilt mein Dank den Sponsoren, die diesen Reitertag finanziell untert\u00fctzen, u. a. Agrar GmbH Kraatz, Gewo, Tommys Fahrradschuppen oder Zahnarzt Dr. Bormeister.<\/p>\n\n\n\n<p>Wir sehen uns im n\u00e4chsten Jahr wieder.<\/p>\n\n\n\n<figure class=\"wp-block-gallery has-nested-images columns-default is-cropped wp-block-gallery-1 is-layout-flex wp-block-gallery-is-layout-flex\">\n<figure class=\"wp-block-image size-large\"><img data-recalc-dims=\"1\" loading=\"lazy\" decoding=\"async\" width=\"640\" height=\"427\" data-id=\"489\" src=\"https:\/\/i0.wp.com\/www.spdgransee-fuerstenberg.de\/wp-content\/uploads\/2024\/04\/1000034778.jpg?resize=640%2C427&#038;ssl=1\" alt=\"\" class=\"wp-image-489\" srcset=\"https:\/\/i0.wp.com\/www.spdgransee-fuerstenberg.de\/wp-content\/uploads\/2024\/04\/1000034778.jpg?resize=1024%2C683&amp;ssl=1 1024w, https:\/\/i0.wp.com\/www.spdgransee-fuerstenberg.de\/wp-content\/uploads\/2024\/04\/1000034778.jpg?resize=300%2C200&amp;ssl=1 300w, https:\/\/i0.wp.com\/www.spdgransee-fuerstenberg.de\/wp-content\/uploads\/2024\/04\/1000034778.jpg?resize=768%2C512&amp;ssl=1 768w, https:\/\/i0.wp.com\/www.spdgransee-fuerstenberg.de\/wp-content\/uploads\/2024\/04\/1000034778.jpg?resize=405%2C270&amp;ssl=1 405w, https:\/\/i0.wp.com\/www.spdgransee-fuerstenberg.de\/wp-content\/uploads\/2024\/04\/1000034778.jpg?w=1080&amp;ssl=1 1080w\" sizes=\"auto, (max-width: 640px) 100vw, 640px\" \/><\/figure>\n\n\n\n<figure class=\"wp-block-image size-large\"><img data-recalc-dims=\"1\" loading=\"lazy\" decoding=\"async\" width=\"640\" height=\"427\" data-id=\"488\" src=\"https:\/\/i0.wp.com\/www.spdgransee-fuerstenberg.de\/wp-content\/uploads\/2024\/04\/1000034779.jpg?resize=640%2C427&#038;ssl=1\" alt=\"\" class=\"wp-image-488\" srcset=\"https:\/\/i0.wp.com\/www.spdgransee-fuerstenberg.de\/wp-content\/uploads\/2024\/04\/1000034779.jpg?resize=1024%2C683&amp;ssl=1 1024w, https:\/\/i0.wp.com\/www.spdgransee-fuerstenberg.de\/wp-content\/uploads\/2024\/04\/1000034779.jpg?resize=300%2C200&amp;ssl=1 300w, https:\/\/i0.wp.com\/www.spdgransee-fuerstenberg.de\/wp-content\/uploads\/2024\/04\/1000034779.jpg?resize=768%2C512&amp;ssl=1 768w, https:\/\/i0.wp.com\/www.spdgransee-fuerstenberg.de\/wp-content\/uploads\/2024\/04\/1000034779.jpg?resize=405%2C270&amp;ssl=1 405w, https:\/\/i0.wp.com\/www.spdgransee-fuerstenberg.de\/wp-content\/uploads\/2024\/04\/1000034779.jpg?w=1080&amp;ssl=1 1080w\" sizes=\"auto, (max-width: 640px) 100vw, 640px\" \/><\/figure>\n\n\n\n<figure class=\"wp-block-image size-large\"><img data-recalc-dims=\"1\" loading=\"lazy\" decoding=\"async\" width=\"640\" height=\"427\" data-id=\"490\" src=\"https:\/\/i0.wp.com\/www.spdgransee-fuerstenberg.de\/wp-content\/uploads\/2024\/04\/1000034780.jpg?resize=640%2C427&#038;ssl=1\" alt=\"\" class=\"wp-image-490\" srcset=\"https:\/\/i0.wp.com\/www.spdgransee-fuerstenberg.de\/wp-content\/uploads\/2024\/04\/1000034780.jpg?resize=1024%2C683&amp;ssl=1 1024w, https:\/\/i0.wp.com\/www.spdgransee-fuerstenberg.de\/wp-content\/uploads\/2024\/04\/1000034780.jpg?resize=300%2C200&amp;ssl=1 300w, https:\/\/i0.wp.com\/www.spdgransee-fuerstenberg.de\/wp-content\/uploads\/2024\/04\/1000034780.jpg?resize=768%2C512&amp;ssl=1 768w, https:\/\/i0.wp.com\/www.spdgransee-fuerstenberg.de\/wp-content\/uploads\/2024\/04\/1000034780.jpg?resize=405%2C270&amp;ssl=1 405w, https:\/\/i0.wp.com\/www.spdgransee-fuerstenberg.de\/wp-content\/uploads\/2024\/04\/1000034780.jpg?w=1080&amp;ssl=1 1080w\" sizes=\"auto, (max-width: 640px) 100vw, 640px\" \/><\/figure>\n\n\n\n<figure class=\"wp-block-image size-large\"><img data-recalc-dims=\"1\" loading=\"lazy\" decoding=\"async\" width=\"640\" height=\"427\" data-id=\"491\" src=\"https:\/\/i0.wp.com\/www.spdgransee-fuerstenberg.de\/wp-content\/uploads\/2024\/04\/1000034781.jpg?resize=640%2C427&#038;ssl=1\" alt=\"\" class=\"wp-image-491\" srcset=\"https:\/\/i0.wp.com\/www.spdgransee-fuerstenberg.de\/wp-content\/uploads\/2024\/04\/1000034781.jpg?resize=1024%2C683&amp;ssl=1 1024w, https:\/\/i0.wp.com\/www.spdgransee-fuerstenberg.de\/wp-content\/uploads\/2024\/04\/1000034781.jpg?resize=300%2C200&amp;ssl=1 300w, https:\/\/i0.wp.com\/www.spdgransee-fuerstenberg.de\/wp-content\/uploads\/2024\/04\/1000034781.jpg?resize=768%2C512&amp;ssl=1 768w, https:\/\/i0.wp.com\/www.spdgransee-fuerstenberg.de\/wp-content\/uploads\/2024\/04\/1000034781.jpg?resize=405%2C270&amp;ssl=1 405w, https:\/\/i0.wp.com\/www.spdgransee-fuerstenberg.de\/wp-content\/uploads\/2024\/04\/1000034781.jpg?w=1080&amp;ssl=1 1080w\" sizes=\"auto, (max-width: 640px) 100vw, 640px\" \/><\/figure>\n<\/figure>\n","protected":false},"excerpt":{"rendered":"<p>Trotz frischer Temperaturen kamen viele Leute nach Kraatz und bekamen klasse Reit- und Fahrsport geboten. Bei den Reiterinnen waren sch\u00f6ne Spr\u00fcnge zu bestaunen sowie die Akrobatik der ganz Kleinen beim Voltigieren. Beim Gespannfahren ging es hei\u00df her und es war unglaublich, was die kleinen Ponys drauf hatten sowie die Kalt-und Warmbl\u00fcter. Hungern und verdursten musste niemand und die Kleinen kamen auch auf ihre Kosten. Au\u00dferdem wurde dem alten Vorstand des Reitvereins Kraatz e. V. die Ehre zu Teil, die ihnen&#8230;<\/p>\n<p class=\"read-more\"><a class=\"btn btn-default\" href=\"https:\/\/www.spdgransee-fuerstenberg.de\/?p=487\">Weiterlesen<span class=\"screen-reader-text\"> Weiterlesen<\/span><\/a><\/p>\n","protected":false},"author":3,"featured_media":0,"comment_status":"open","ping_status":"open","sticky":false,"template":"","format":"standard","meta":{"_jetpack_memberships_contains_paid_content":false,"footnotes":""},"categories":[5],"tags":[],"class_list":["post-487","post","type-post","status-publish","format-standard","hentry","category-regionales"],"yoast_head":"<!-- This site is optimized with the Yoast SEO plugin v27.5 - https:\/\/yoast.com\/product\/yoast-seo-wordpress\/ -->\n<title>Der Reitertag in Kraatz war ein voller Erfolg. -<\/title>\n<meta name=\"robots\" content=\"index, follow, max-snippet:-1, max-image-preview:large, max-video-preview:-1\" \/>\n<link rel=\"canonical\" href=\"https:\/\/www.spdgransee-fuerstenberg.de\/?p=487\" \/>\n<meta property=\"og:locale\" content=\"de_DE\" \/>\n<meta property=\"og:type\" content=\"article\" \/>\n<meta property=\"og:title\" content=\"Der Reitertag in Kraatz war ein voller Erfolg. -\" \/>\n<meta property=\"og:description\" content=\"Trotz frischer Temperaturen kamen viele Leute nach Kraatz und bekamen klasse Reit- und Fahrsport geboten. Bei den Reiterinnen waren sch\u00f6ne Spr\u00fcnge zu bestaunen sowie die Akrobatik der ganz Kleinen beim Voltigieren. Beim Gespannfahren ging es hei\u00df her und es war unglaublich, was die kleinen Ponys drauf hatten sowie die Kalt-und Warmbl\u00fcter. Hungern und verdursten musste niemand und die Kleinen kamen auch auf ihre Kosten. Au\u00dferdem wurde dem alten Vorstand des Reitvereins Kraatz e. V. die Ehre zu Teil, die ihnen...Weiterlesen Weiterlesen\" \/>\n<meta property=\"og:url\" content=\"https:\/\/www.spdgransee-fuerstenberg.de\/?p=487\" \/>\n<meta property=\"article:published_time\" content=\"2024-04-21T18:04:43+00:00\" \/>\n<meta property=\"article:modified_time\" content=\"2024-04-21T18:07:36+00:00\" \/>\n<meta property=\"og:image\" content=\"https:\/\/www.spdgransee-fuerstenberg.de\/wp-content\/uploads\/2024\/04\/1000034778-1024x683.jpg\" \/>\n<meta name=\"author\" content=\"Ren\u00e9 Jordan\" \/>\n<meta name=\"twitter:card\" content=\"summary_large_image\" \/>\n<meta name=\"twitter:label1\" content=\"Verfasst von\" \/>\n\t<meta name=\"twitter:data1\" content=\"Ren\u00e9 Jordan\" \/>\n\t<meta name=\"twitter:label2\" content=\"Gesch\u00e4tzte Lesezeit\" \/>\n\t<meta name=\"twitter:data2\" content=\"1\u00a0Minute\" \/>\n<script type=\"application\/ld+json\" class=\"yoast-schema-graph\">{\"@context\":\"https:\\\/\\\/schema.org\",\"@graph\":[{\"@type\":\"Article\",\"@id\":\"https:\\\/\\\/www.spdgransee-fuerstenberg.de\\\/?p=487#article\",\"isPartOf\":{\"@id\":\"https:\\\/\\\/www.spdgransee-fuerstenberg.de\\\/?p=487\"},\"author\":{\"name\":\"Ren\u00e9 Jordan\",\"@id\":\"https:\\\/\\\/www.spdgransee-fuerstenberg.de\\\/#\\\/schema\\\/person\\\/5bde75ec6d9c2456ab8ebe76dfa3d214\"},\"headline\":\"Der Reitertag in Kraatz war ein voller Erfolg.\",\"datePublished\":\"2024-04-21T18:04:43+00:00\",\"dateModified\":\"2024-04-21T18:07:36+00:00\",\"mainEntityOfPage\":{\"@id\":\"https:\\\/\\\/www.spdgransee-fuerstenberg.de\\\/?p=487\"},\"wordCount\":165,\"commentCount\":0,\"image\":{\"@id\":\"https:\\\/\\\/www.spdgransee-fuerstenberg.de\\\/?p=487#primaryimage\"},\"thumbnailUrl\":\"https:\\\/\\\/www.spdgransee-fuerstenberg.de\\\/wp-content\\\/uploads\\\/2024\\\/04\\\/1000034778-1024x683.jpg\",\"articleSection\":[\"Regionales\"],\"inLanguage\":\"de\",\"potentialAction\":[{\"@type\":\"CommentAction\",\"name\":\"Comment\",\"target\":[\"https:\\\/\\\/www.spdgransee-fuerstenberg.de\\\/?p=487#respond\"]}]},{\"@type\":\"WebPage\",\"@id\":\"https:\\\/\\\/www.spdgransee-fuerstenberg.de\\\/?p=487\",\"url\":\"https:\\\/\\\/www.spdgransee-fuerstenberg.de\\\/?p=487\",\"name\":\"Der Reitertag in Kraatz war ein voller Erfolg. -\",\"isPartOf\":{\"@id\":\"https:\\\/\\\/www.spdgransee-fuerstenberg.de\\\/#website\"},\"primaryImageOfPage\":{\"@id\":\"https:\\\/\\\/www.spdgransee-fuerstenberg.de\\\/?p=487#primaryimage\"},\"image\":{\"@id\":\"https:\\\/\\\/www.spdgransee-fuerstenberg.de\\\/?p=487#primaryimage\"},\"thumbnailUrl\":\"https:\\\/\\\/www.spdgransee-fuerstenberg.de\\\/wp-content\\\/uploads\\\/2024\\\/04\\\/1000034778-1024x683.jpg\",\"datePublished\":\"2024-04-21T18:04:43+00:00\",\"dateModified\":\"2024-04-21T18:07:36+00:00\",\"author\":{\"@id\":\"https:\\\/\\\/www.spdgransee-fuerstenberg.de\\\/#\\\/schema\\\/person\\\/5bde75ec6d9c2456ab8ebe76dfa3d214\"},\"breadcrumb\":{\"@id\":\"https:\\\/\\\/www.spdgransee-fuerstenberg.de\\\/?p=487#breadcrumb\"},\"inLanguage\":\"de\",\"potentialAction\":[{\"@type\":\"ReadAction\",\"target\":[\"https:\\\/\\\/www.spdgransee-fuerstenberg.de\\\/?p=487\"]}]},{\"@type\":\"ImageObject\",\"inLanguage\":\"de\",\"@id\":\"https:\\\/\\\/www.spdgransee-fuerstenberg.de\\\/?p=487#primaryimage\",\"url\":\"https:\\\/\\\/i0.wp.com\\\/www.spdgransee-fuerstenberg.de\\\/wp-content\\\/uploads\\\/2024\\\/04\\\/1000034778.jpg?fit=1080%2C720&ssl=1\",\"contentUrl\":\"https:\\\/\\\/i0.wp.com\\\/www.spdgransee-fuerstenberg.de\\\/wp-content\\\/uploads\\\/2024\\\/04\\\/1000034778.jpg?fit=1080%2C720&ssl=1\",\"width\":1080,\"height\":720},{\"@type\":\"BreadcrumbList\",\"@id\":\"https:\\\/\\\/www.spdgransee-fuerstenberg.de\\\/?p=487#breadcrumb\",\"itemListElement\":[{\"@type\":\"ListItem\",\"position\":1,\"name\":\"Startseite\",\"item\":\"https:\\\/\\\/www.spdgransee-fuerstenberg.de\\\/\"},{\"@type\":\"ListItem\",\"position\":2,\"name\":\"Der Reitertag in Kraatz war ein voller Erfolg.\"}]},{\"@type\":\"WebSite\",\"@id\":\"https:\\\/\\\/www.spdgransee-fuerstenberg.de\\\/#website\",\"url\":\"https:\\\/\\\/www.spdgransee-fuerstenberg.de\\\/\",\"name\":\"\",\"description\":\"\",\"potentialAction\":[{\"@type\":\"SearchAction\",\"target\":{\"@type\":\"EntryPoint\",\"urlTemplate\":\"https:\\\/\\\/www.spdgransee-fuerstenberg.de\\\/?s={search_term_string}\"},\"query-input\":{\"@type\":\"PropertyValueSpecification\",\"valueRequired\":true,\"valueName\":\"search_term_string\"}}],\"inLanguage\":\"de\"},{\"@type\":\"Person\",\"@id\":\"https:\\\/\\\/www.spdgransee-fuerstenberg.de\\\/#\\\/schema\\\/person\\\/5bde75ec6d9c2456ab8ebe76dfa3d214\",\"name\":\"Ren\u00e9 Jordan\",\"image\":{\"@type\":\"ImageObject\",\"inLanguage\":\"de\",\"@id\":\"https:\\\/\\\/secure.gravatar.com\\\/avatar\\\/5599aea5ec0a91669fbe4428611ac159d16dd3c10c9272eaf3f47e69b00ce0f0?s=96&d=mm&r=g\",\"url\":\"https:\\\/\\\/secure.gravatar.com\\\/avatar\\\/5599aea5ec0a91669fbe4428611ac159d16dd3c10c9272eaf3f47e69b00ce0f0?s=96&d=mm&r=g\",\"contentUrl\":\"https:\\\/\\\/secure.gravatar.com\\\/avatar\\\/5599aea5ec0a91669fbe4428611ac159d16dd3c10c9272eaf3f47e69b00ce0f0?s=96&d=mm&r=g\",\"caption\":\"Ren\u00e9 Jordan\"},\"sameAs\":[\"http:\\\/\\\/spdgransee-fuerstenberg.de\"],\"url\":\"https:\\\/\\\/www.spdgransee-fuerstenberg.de\\\/?author=3\"}]}<\/script>\n<!-- \/ Yoast SEO plugin. -->","yoast_head_json":{"title":"Der Reitertag in Kraatz war ein voller Erfolg. -","robots":{"index":"index","follow":"follow","max-snippet":"max-snippet:-1","max-image-preview":"max-image-preview:large","max-video-preview":"max-video-preview:-1"},"canonical":"https:\/\/www.spdgransee-fuerstenberg.de\/?p=487","og_locale":"de_DE","og_type":"article","og_title":"Der Reitertag in Kraatz war ein voller Erfolg. -","og_description":"Trotz frischer Temperaturen kamen viele Leute nach Kraatz und bekamen klasse Reit- und Fahrsport geboten. Bei den Reiterinnen waren sch\u00f6ne Spr\u00fcnge zu bestaunen sowie die Akrobatik der ganz Kleinen beim Voltigieren. Beim Gespannfahren ging es hei\u00df her und es war unglaublich, was die kleinen Ponys drauf hatten sowie die Kalt-und Warmbl\u00fcter. Hungern und verdursten musste niemand und die Kleinen kamen auch auf ihre Kosten. Au\u00dferdem wurde dem alten Vorstand des Reitvereins Kraatz e. V. die Ehre zu Teil, die ihnen...Weiterlesen Weiterlesen","og_url":"https:\/\/www.spdgransee-fuerstenberg.de\/?p=487","article_published_time":"2024-04-21T18:04:43+00:00","article_modified_time":"2024-04-21T18:07:36+00:00","og_image":[{"url":"https:\/\/www.spdgransee-fuerstenberg.de\/wp-content\/uploads\/2024\/04\/1000034778-1024x683.jpg","type":"","width":"","height":""}],"author":"Ren\u00e9 Jordan","twitter_card":"summary_large_image","twitter_misc":{"Verfasst von":"Ren\u00e9 Jordan","Gesch\u00e4tzte Lesezeit":"1\u00a0Minute"},"schema":{"@context":"https:\/\/schema.org","@graph":[{"@type":"Article","@id":"https:\/\/www.spdgransee-fuerstenberg.de\/?p=487#article","isPartOf":{"@id":"https:\/\/www.spdgransee-fuerstenberg.de\/?p=487"},"author":{"name":"Ren\u00e9 Jordan","@id":"https:\/\/www.spdgransee-fuerstenberg.de\/#\/schema\/person\/5bde75ec6d9c2456ab8ebe76dfa3d214"},"headline":"Der Reitertag in Kraatz war ein voller Erfolg.","datePublished":"2024-04-21T18:04:43+00:00","dateModified":"2024-04-21T18:07:36+00:00","mainEntityOfPage":{"@id":"https:\/\/www.spdgransee-fuerstenberg.de\/?p=487"},"wordCount":165,"commentCount":0,"image":{"@id":"https:\/\/www.spdgransee-fuerstenberg.de\/?p=487#primaryimage"},"thumbnailUrl":"https:\/\/www.spdgransee-fuerstenberg.de\/wp-content\/uploads\/2024\/04\/1000034778-1024x683.jpg","articleSection":["Regionales"],"inLanguage":"de","potentialAction":[{"@type":"CommentAction","name":"Comment","target":["https:\/\/www.spdgransee-fuerstenberg.de\/?p=487#respond"]}]},{"@type":"WebPage","@id":"https:\/\/www.spdgransee-fuerstenberg.de\/?p=487","url":"https:\/\/www.spdgransee-fuerstenberg.de\/?p=487","name":"Der Reitertag in Kraatz war ein voller Erfolg. -","isPartOf":{"@id":"https:\/\/www.spdgransee-fuerstenberg.de\/#website"},"primaryImageOfPage":{"@id":"https:\/\/www.spdgransee-fuerstenberg.de\/?p=487#primaryimage"},"image":{"@id":"https:\/\/www.spdgransee-fuerstenberg.de\/?p=487#primaryimage"},"thumbnailUrl":"https:\/\/www.spdgransee-fuerstenberg.de\/wp-content\/uploads\/2024\/04\/1000034778-1024x683.jpg","datePublished":"2024-04-21T18:04:43+00:00","dateModified":"2024-04-21T18:07:36+00:00","author":{"@id":"https:\/\/www.spdgransee-fuerstenberg.de\/#\/schema\/person\/5bde75ec6d9c2456ab8ebe76dfa3d214"},"breadcrumb":{"@id":"https:\/\/www.spdgransee-fuerstenberg.de\/?p=487#breadcrumb"},"inLanguage":"de","potentialAction":[{"@type":"ReadAction","target":["https:\/\/www.spdgransee-fuerstenberg.de\/?p=487"]}]},{"@type":"ImageObject","inLanguage":"de","@id":"https:\/\/www.spdgransee-fuerstenberg.de\/?p=487#primaryimage","url":"https:\/\/i0.wp.com\/www.spdgransee-fuerstenberg.de\/wp-content\/uploads\/2024\/04\/1000034778.jpg?fit=1080%2C720&ssl=1","contentUrl":"https:\/\/i0.wp.com\/www.spdgransee-fuerstenberg.de\/wp-content\/uploads\/2024\/04\/1000034778.jpg?fit=1080%2C720&ssl=1","width":1080,"height":720},{"@type":"BreadcrumbList","@id":"https:\/\/www.spdgransee-fuerstenberg.de\/?p=487#breadcrumb","itemListElement":[{"@type":"ListItem","position":1,"name":"Startseite","item":"https:\/\/www.spdgransee-fuerstenberg.de\/"},{"@type":"ListItem","position":2,"name":"Der Reitertag in Kraatz war ein voller Erfolg."}]},{"@type":"WebSite","@id":"https:\/\/www.spdgransee-fuerstenberg.de\/#website","url":"https:\/\/www.spdgransee-fuerstenberg.de\/","name":"","description":"","potentialAction":[{"@type":"SearchAction","target":{"@type":"EntryPoint","urlTemplate":"https:\/\/www.spdgransee-fuerstenberg.de\/?s={search_term_string}"},"query-input":{"@type":"PropertyValueSpecification","valueRequired":true,"valueName":"search_term_string"}}],"inLanguage":"de"},{"@type":"Person","@id":"https:\/\/www.spdgransee-fuerstenberg.de\/#\/schema\/person\/5bde75ec6d9c2456ab8ebe76dfa3d214","name":"Ren\u00e9 Jordan","image":{"@type":"ImageObject","inLanguage":"de","@id":"https:\/\/secure.gravatar.com\/avatar\/5599aea5ec0a91669fbe4428611ac159d16dd3c10c9272eaf3f47e69b00ce0f0?s=96&d=mm&r=g","url":"https:\/\/secure.gravatar.com\/avatar\/5599aea5ec0a91669fbe4428611ac159d16dd3c10c9272eaf3f47e69b00ce0f0?s=96&d=mm&r=g","contentUrl":"https:\/\/secure.gravatar.com\/avatar\/5599aea5ec0a91669fbe4428611ac159d16dd3c10c9272eaf3f47e69b00ce0f0?s=96&d=mm&r=g","caption":"Ren\u00e9 Jordan"},"sameAs":["http:\/\/spdgransee-fuerstenberg.de"],"url":"https:\/\/www.spdgransee-fuerstenberg.de\/?author=3"}]}},"jetpack_featured_media_url":"","jetpack_sharing_enabled":true,"_links":{"self":[{"href":"https:\/\/www.spdgransee-fuerstenberg.de\/index.php?rest_route=\/wp\/v2\/posts\/487","targetHints":{"allow":["GET"]}}],"collection":[{"href":"https:\/\/www.spdgransee-fuerstenberg.de\/index.php?rest_route=\/wp\/v2\/posts"}],"about":[{"href":"https:\/\/www.spdgransee-fuerstenberg.de\/index.php?rest_route=\/wp\/v2\/types\/post"}],"author":[{"embeddable":true,"href":"https:\/\/www.spdgransee-fuerstenberg.de\/index.php?rest_route=\/wp\/v2\/users\/3"}],"replies":[{"embeddable":true,"href":"https:\/\/www.spdgransee-fuerstenberg.de\/index.php?rest_route=%2Fwp%2Fv2%2Fcomments&post=487"}],"version-history":[{"count":1,"href":"https:\/\/www.spdgransee-fuerstenberg.de\/index.php?rest_route=\/wp\/v2\/posts\/487\/revisions"}],"predecessor-version":[{"id":492,"href":"https:\/\/www.spdgransee-fuerstenberg.de\/index.php?rest_route=\/wp\/v2\/posts\/487\/revisions\/492"}],"wp:attachment":[{"href":"https:\/\/www.spdgransee-fuerstenberg.de\/index.php?rest_route=%2Fwp%2Fv2%2Fmedia&parent=487"}],"wp:term":[{"taxonomy":"category","embeddable":true,"href":"https:\/\/www.spdgransee-fuerstenberg.de\/index.php?rest_route=%2Fwp%2Fv2%2Fcategories&post=487"},{"taxonomy":"post_tag","embeddable":true,"href":"https:\/\/www.spdgransee-fuerstenberg.de\/index.php?rest_route=%2Fwp%2Fv2%2Ftags&post=487"}],"curies":[{"name":"wp","href":"https:\/\/api.w.org\/{rel}","templated":true}]}}