{"id":681,"date":"2024-05-15T07:58:09","date_gmt":"2024-05-15T05:58:09","guid":{"rendered":"https:\/\/www.spdgransee-fuerstenberg.de\/?p=681"},"modified":"2024-05-15T08:07:31","modified_gmt":"2024-05-15T06:07:31","slug":"buergerdialog-gransee-leben-im-alltag-und-im-alter","status":"publish","type":"post","link":"https:\/\/www.spdgransee-fuerstenberg.de\/?p=681","title":{"rendered":"B\u00fcrgerdialog: Gransee &#8211; Leben im Alltag und im Alter"},"content":{"rendered":"\n<p>Wir laden herzlich ein zum B\u00fcrgerdialog am <strong>29.05.2024 um 18 Uhr im Heimatmuseum Gransee<\/strong>, <strong>Rudolf-Breitscheid-Stra\u00dfe 44, 16775 Gransee<\/strong><\/p>\n\n\n\n<p><\/p>\n\n\n\n<p>Gransee hat sich in den letzten Jahren immer mehr zu einer familienfreundlichen und f\u00fcr alle Altersgruppen lebenswerten Stadt entwickelt. Diesen positiven Trend wollen wir in den kommenden Jahren fortsetzen.<\/p>\n\n\n\n<p><strong><em>Barrierefreiheit, Mobilit\u00e4t, Aufenthalts- und Treffm\u00f6glichkeiten, eine gute Alltagsversorgung mit kurzen Wegen<\/em><\/strong>, <strong><em>altersgerechtes Wohnen<\/em><\/strong>: Es gibt noch eine Menge zu tun.<\/p>\n\n\n\n<p>Welche W\u00fcnsche und Erwartungen haben Sie an die k\u00fcnftige Stadtpolitik?<\/p>\n\n\n\n<p>Was ist Ihnen besonders wichtig und macht f\u00fcr Sie Ihr Gransee liebens- und lebenswert?<\/p>\n\n\n\n<p>Lassen Sie uns gemeinsam mit unserem <strong><em>B\u00fcrgermeisterkandidaten Wolfgang Schwericke,<\/em><\/strong> den <strong><em>Kandidatinnen und Kandidaten f\u00fcr die Stadtverordnetenversammlung Gransee<\/em><\/strong> und unserer <strong><em>Landtagskandidatin Annemarie Wolff<\/em><\/strong> ins Gespr\u00e4ch kommen.<\/p>\n\n\n\n<p>Nur mit Ihrer Stimme kann die Gestaltung Gransees erfolgreich werden.<\/p>\n\n\n\n<p>Wir freuen uns auf die Gespr\u00e4che mit Ihnen!<\/p>\n\n\n\n<p><strong><em>GEMEINSAM GRANSEE GESTALTEN.<\/em><\/strong><\/p>\n","protected":false},"excerpt":{"rendered":"<p>Wir laden herzlich ein zum B\u00fcrgerdialog am 29.05.2024 um 18 Uhr im Heimatmuseum Gransee, Rudolf-Breitscheid-Stra\u00dfe 44, 16775 Gransee Gransee hat sich in den letzten Jahren immer mehr zu einer familienfreundlichen und f\u00fcr alle Altersgruppen lebenswerten Stadt entwickelt. Diesen positiven Trend wollen wir in den kommenden Jahren fortsetzen. Barrierefreiheit, Mobilit\u00e4t, Aufenthalts- und Treffm\u00f6glichkeiten, eine gute Alltagsversorgung mit kurzen Wegen, altersgerechtes Wohnen: Es gibt noch eine Menge zu tun. Welche W\u00fcnsche und Erwartungen haben Sie an die k\u00fcnftige Stadtpolitik? Was ist Ihnen&#8230;<\/p>\n<p class=\"read-more\"><a class=\"btn btn-default\" href=\"https:\/\/www.spdgransee-fuerstenberg.de\/?p=681\">Weiterlesen<span class=\"screen-reader-text\"> Weiterlesen<\/span><\/a><\/p>\n","protected":false},"author":1,"featured_media":682,"comment_status":"open","ping_status":"open","sticky":false,"template":"","format":"standard","meta":{"_jetpack_memberships_contains_paid_content":false,"footnotes":""},"categories":[3],"tags":[],"class_list":["post-681","post","type-post","status-publish","format-standard","has-post-thumbnail","hentry","category-politisches"],"yoast_head":"<!-- This site is optimized with the Yoast SEO plugin v27.5 - https:\/\/yoast.com\/product\/yoast-seo-wordpress\/ -->\n<title>B\u00fcrgerdialog: Gransee - Leben im Alltag und im Alter -<\/title>\n<meta name=\"robots\" content=\"index, follow, max-snippet:-1, max-image-preview:large, max-video-preview:-1\" \/>\n<link rel=\"canonical\" href=\"https:\/\/www.spdgransee-fuerstenberg.de\/?p=681\" \/>\n<meta property=\"og:locale\" content=\"de_DE\" \/>\n<meta property=\"og:type\" content=\"article\" \/>\n<meta property=\"og:title\" content=\"B\u00fcrgerdialog: Gransee - Leben im Alltag und im Alter -\" \/>\n<meta property=\"og:description\" content=\"Wir laden herzlich ein zum B\u00fcrgerdialog am 29.05.2024 um 18 Uhr im Heimatmuseum Gransee, Rudolf-Breitscheid-Stra\u00dfe 44, 16775 Gransee Gransee hat sich in den letzten Jahren immer mehr zu einer familienfreundlichen und f\u00fcr alle Altersgruppen lebenswerten Stadt entwickelt. Diesen positiven Trend wollen wir in den kommenden Jahren fortsetzen. Barrierefreiheit, Mobilit\u00e4t, Aufenthalts- und Treffm\u00f6glichkeiten, eine gute Alltagsversorgung mit kurzen Wegen, altersgerechtes Wohnen: Es gibt noch eine Menge zu tun. Welche W\u00fcnsche und Erwartungen haben Sie an die k\u00fcnftige Stadtpolitik? Was ist Ihnen...Weiterlesen Weiterlesen\" \/>\n<meta property=\"og:url\" content=\"https:\/\/www.spdgransee-fuerstenberg.de\/?p=681\" \/>\n<meta property=\"article:published_time\" content=\"2024-05-15T05:58:09+00:00\" \/>\n<meta property=\"article:modified_time\" content=\"2024-05-15T06:07:31+00:00\" \/>\n<meta property=\"og:image\" content=\"https:\/\/i0.wp.com\/www.spdgransee-fuerstenberg.de\/wp-content\/uploads\/2024\/05\/wp-17157526277209027906049956465940.jpg?fit=1083%2C1444&ssl=1\" \/>\n\t<meta property=\"og:image:width\" content=\"1083\" \/>\n\t<meta property=\"og:image:height\" content=\"1444\" \/>\n\t<meta property=\"og:image:type\" content=\"image\/jpeg\" \/>\n<meta name=\"author\" content=\"SPDGranseeFueberg\" \/>\n<meta name=\"twitter:card\" content=\"summary_large_image\" \/>\n<meta name=\"twitter:label1\" content=\"Verfasst von\" \/>\n\t<meta name=\"twitter:data1\" content=\"SPDGranseeFueberg\" \/>\n\t<meta name=\"twitter:label2\" content=\"Gesch\u00e4tzte Lesezeit\" \/>\n\t<meta name=\"twitter:data2\" content=\"1\u00a0Minute\" \/>\n<script type=\"application\/ld+json\" class=\"yoast-schema-graph\">{\"@context\":\"https:\\\/\\\/schema.org\",\"@graph\":[{\"@type\":\"Article\",\"@id\":\"https:\\\/\\\/www.spdgransee-fuerstenberg.de\\\/?p=681#article\",\"isPartOf\":{\"@id\":\"https:\\\/\\\/www.spdgransee-fuerstenberg.de\\\/?p=681\"},\"author\":{\"name\":\"SPDGranseeFueberg\",\"@id\":\"https:\\\/\\\/www.spdgransee-fuerstenberg.de\\\/#\\\/schema\\\/person\\\/3a06cbacd51380161115a667bdd143ed\"},\"headline\":\"B\u00fcrgerdialog: Gransee &#8211; Leben im Alltag und im Alter\",\"datePublished\":\"2024-05-15T05:58:09+00:00\",\"dateModified\":\"2024-05-15T06:07:31+00:00\",\"mainEntityOfPage\":{\"@id\":\"https:\\\/\\\/www.spdgransee-fuerstenberg.de\\\/?p=681\"},\"wordCount\":155,\"commentCount\":0,\"image\":{\"@id\":\"https:\\\/\\\/www.spdgransee-fuerstenberg.de\\\/?p=681#primaryimage\"},\"thumbnailUrl\":\"https:\\\/\\\/i0.wp.com\\\/www.spdgransee-fuerstenberg.de\\\/wp-content\\\/uploads\\\/2024\\\/05\\\/wp-17157526277209027906049956465940.jpg?fit=1083%2C1444&ssl=1\",\"articleSection\":[\"Politisches\"],\"inLanguage\":\"de\",\"potentialAction\":[{\"@type\":\"CommentAction\",\"name\":\"Comment\",\"target\":[\"https:\\\/\\\/www.spdgransee-fuerstenberg.de\\\/?p=681#respond\"]}]},{\"@type\":\"WebPage\",\"@id\":\"https:\\\/\\\/www.spdgransee-fuerstenberg.de\\\/?p=681\",\"url\":\"https:\\\/\\\/www.spdgransee-fuerstenberg.de\\\/?p=681\",\"name\":\"B\u00fcrgerdialog: Gransee - Leben im Alltag und im Alter -\",\"isPartOf\":{\"@id\":\"https:\\\/\\\/www.spdgransee-fuerstenberg.de\\\/#website\"},\"primaryImageOfPage\":{\"@id\":\"https:\\\/\\\/www.spdgransee-fuerstenberg.de\\\/?p=681#primaryimage\"},\"image\":{\"@id\":\"https:\\\/\\\/www.spdgransee-fuerstenberg.de\\\/?p=681#primaryimage\"},\"thumbnailUrl\":\"https:\\\/\\\/i0.wp.com\\\/www.spdgransee-fuerstenberg.de\\\/wp-content\\\/uploads\\\/2024\\\/05\\\/wp-17157526277209027906049956465940.jpg?fit=1083%2C1444&ssl=1\",\"datePublished\":\"2024-05-15T05:58:09+00:00\",\"dateModified\":\"2024-05-15T06:07:31+00:00\",\"author\":{\"@id\":\"https:\\\/\\\/www.spdgransee-fuerstenberg.de\\\/#\\\/schema\\\/person\\\/3a06cbacd51380161115a667bdd143ed\"},\"breadcrumb\":{\"@id\":\"https:\\\/\\\/www.spdgransee-fuerstenberg.de\\\/?p=681#breadcrumb\"},\"inLanguage\":\"de\",\"potentialAction\":[{\"@type\":\"ReadAction\",\"target\":[\"https:\\\/\\\/www.spdgransee-fuerstenberg.de\\\/?p=681\"]}]},{\"@type\":\"ImageObject\",\"inLanguage\":\"de\",\"@id\":\"https:\\\/\\\/www.spdgransee-fuerstenberg.de\\\/?p=681#primaryimage\",\"url\":\"https:\\\/\\\/i0.wp.com\\\/www.spdgransee-fuerstenberg.de\\\/wp-content\\\/uploads\\\/2024\\\/05\\\/wp-17157526277209027906049956465940.jpg?fit=1083%2C1444&ssl=1\",\"contentUrl\":\"https:\\\/\\\/i0.wp.com\\\/www.spdgransee-fuerstenberg.de\\\/wp-content\\\/uploads\\\/2024\\\/05\\\/wp-17157526277209027906049956465940.jpg?fit=1083%2C1444&ssl=1\",\"width\":1083,\"height\":1444},{\"@type\":\"BreadcrumbList\",\"@id\":\"https:\\\/\\\/www.spdgransee-fuerstenberg.de\\\/?p=681#breadcrumb\",\"itemListElement\":[{\"@type\":\"ListItem\",\"position\":1,\"name\":\"Startseite\",\"item\":\"https:\\\/\\\/www.spdgransee-fuerstenberg.de\\\/\"},{\"@type\":\"ListItem\",\"position\":2,\"name\":\"B\u00fcrgerdialog: Gransee &#8211; Leben im Alltag und im Alter\"}]},{\"@type\":\"WebSite\",\"@id\":\"https:\\\/\\\/www.spdgransee-fuerstenberg.de\\\/#website\",\"url\":\"https:\\\/\\\/www.spdgransee-fuerstenberg.de\\\/\",\"name\":\"\",\"description\":\"\",\"potentialAction\":[{\"@type\":\"SearchAction\",\"target\":{\"@type\":\"EntryPoint\",\"urlTemplate\":\"https:\\\/\\\/www.spdgransee-fuerstenberg.de\\\/?s={search_term_string}\"},\"query-input\":{\"@type\":\"PropertyValueSpecification\",\"valueRequired\":true,\"valueName\":\"search_term_string\"}}],\"inLanguage\":\"de\"},{\"@type\":\"Person\",\"@id\":\"https:\\\/\\\/www.spdgransee-fuerstenberg.de\\\/#\\\/schema\\\/person\\\/3a06cbacd51380161115a667bdd143ed\",\"name\":\"SPDGranseeFueberg\",\"image\":{\"@type\":\"ImageObject\",\"inLanguage\":\"de\",\"@id\":\"https:\\\/\\\/secure.gravatar.com\\\/avatar\\\/4a66f41cca6ed558e848f835e11ccca08909424d0980d55c0ac101002d30dd8d?s=96&d=mm&r=g\",\"url\":\"https:\\\/\\\/secure.gravatar.com\\\/avatar\\\/4a66f41cca6ed558e848f835e11ccca08909424d0980d55c0ac101002d30dd8d?s=96&d=mm&r=g\",\"contentUrl\":\"https:\\\/\\\/secure.gravatar.com\\\/avatar\\\/4a66f41cca6ed558e848f835e11ccca08909424d0980d55c0ac101002d30dd8d?s=96&d=mm&r=g\",\"caption\":\"SPDGranseeFueberg\"},\"sameAs\":[\"https:\\\/\\\/www.spdgransee-fuerstenberg.de\"],\"url\":\"https:\\\/\\\/www.spdgransee-fuerstenberg.de\\\/?author=1\"}]}<\/script>\n<!-- \/ Yoast SEO plugin. -->","yoast_head_json":{"title":"B\u00fcrgerdialog: Gransee - Leben im Alltag und im Alter -","robots":{"index":"index","follow":"follow","max-snippet":"max-snippet:-1","max-image-preview":"max-image-preview:large","max-video-preview":"max-video-preview:-1"},"canonical":"https:\/\/www.spdgransee-fuerstenberg.de\/?p=681","og_locale":"de_DE","og_type":"article","og_title":"B\u00fcrgerdialog: Gransee - Leben im Alltag und im Alter -","og_description":"Wir laden herzlich ein zum B\u00fcrgerdialog am 29.05.2024 um 18 Uhr im Heimatmuseum Gransee, Rudolf-Breitscheid-Stra\u00dfe 44, 16775 Gransee Gransee hat sich in den letzten Jahren immer mehr zu einer familienfreundlichen und f\u00fcr alle Altersgruppen lebenswerten Stadt entwickelt. Diesen positiven Trend wollen wir in den kommenden Jahren fortsetzen. Barrierefreiheit, Mobilit\u00e4t, Aufenthalts- und Treffm\u00f6glichkeiten, eine gute Alltagsversorgung mit kurzen Wegen, altersgerechtes Wohnen: Es gibt noch eine Menge zu tun. Welche W\u00fcnsche und Erwartungen haben Sie an die k\u00fcnftige Stadtpolitik? Was ist Ihnen...Weiterlesen Weiterlesen","og_url":"https:\/\/www.spdgransee-fuerstenberg.de\/?p=681","article_published_time":"2024-05-15T05:58:09+00:00","article_modified_time":"2024-05-15T06:07:31+00:00","og_image":[{"width":1083,"height":1444,"url":"https:\/\/i0.wp.com\/www.spdgransee-fuerstenberg.de\/wp-content\/uploads\/2024\/05\/wp-17157526277209027906049956465940.jpg?fit=1083%2C1444&ssl=1","type":"image\/jpeg"}],"author":"SPDGranseeFueberg","twitter_card":"summary_large_image","twitter_misc":{"Verfasst von":"SPDGranseeFueberg","Gesch\u00e4tzte Lesezeit":"1\u00a0Minute"},"schema":{"@context":"https:\/\/schema.org","@graph":[{"@type":"Article","@id":"https:\/\/www.spdgransee-fuerstenberg.de\/?p=681#article","isPartOf":{"@id":"https:\/\/www.spdgransee-fuerstenberg.de\/?p=681"},"author":{"name":"SPDGranseeFueberg","@id":"https:\/\/www.spdgransee-fuerstenberg.de\/#\/schema\/person\/3a06cbacd51380161115a667bdd143ed"},"headline":"B\u00fcrgerdialog: Gransee &#8211; Leben im Alltag und im Alter","datePublished":"2024-05-15T05:58:09+00:00","dateModified":"2024-05-15T06:07:31+00:00","mainEntityOfPage":{"@id":"https:\/\/www.spdgransee-fuerstenberg.de\/?p=681"},"wordCount":155,"commentCount":0,"image":{"@id":"https:\/\/www.spdgransee-fuerstenberg.de\/?p=681#primaryimage"},"thumbnailUrl":"https:\/\/i0.wp.com\/www.spdgransee-fuerstenberg.de\/wp-content\/uploads\/2024\/05\/wp-17157526277209027906049956465940.jpg?fit=1083%2C1444&ssl=1","articleSection":["Politisches"],"inLanguage":"de","potentialAction":[{"@type":"CommentAction","name":"Comment","target":["https:\/\/www.spdgransee-fuerstenberg.de\/?p=681#respond"]}]},{"@type":"WebPage","@id":"https:\/\/www.spdgransee-fuerstenberg.de\/?p=681","url":"https:\/\/www.spdgransee-fuerstenberg.de\/?p=681","name":"B\u00fcrgerdialog: Gransee - Leben im Alltag und im Alter -","isPartOf":{"@id":"https:\/\/www.spdgransee-fuerstenberg.de\/#website"},"primaryImageOfPage":{"@id":"https:\/\/www.spdgransee-fuerstenberg.de\/?p=681#primaryimage"},"image":{"@id":"https:\/\/www.spdgransee-fuerstenberg.de\/?p=681#primaryimage"},"thumbnailUrl":"https:\/\/i0.wp.com\/www.spdgransee-fuerstenberg.de\/wp-content\/uploads\/2024\/05\/wp-17157526277209027906049956465940.jpg?fit=1083%2C1444&ssl=1","datePublished":"2024-05-15T05:58:09+00:00","dateModified":"2024-05-15T06:07:31+00:00","author":{"@id":"https:\/\/www.spdgransee-fuerstenberg.de\/#\/schema\/person\/3a06cbacd51380161115a667bdd143ed"},"breadcrumb":{"@id":"https:\/\/www.spdgransee-fuerstenberg.de\/?p=681#breadcrumb"},"inLanguage":"de","potentialAction":[{"@type":"ReadAction","target":["https:\/\/www.spdgransee-fuerstenberg.de\/?p=681"]}]},{"@type":"ImageObject","inLanguage":"de","@id":"https:\/\/www.spdgransee-fuerstenberg.de\/?p=681#primaryimage","url":"https:\/\/i0.wp.com\/www.spdgransee-fuerstenberg.de\/wp-content\/uploads\/2024\/05\/wp-17157526277209027906049956465940.jpg?fit=1083%2C1444&ssl=1","contentUrl":"https:\/\/i0.wp.com\/www.spdgransee-fuerstenberg.de\/wp-content\/uploads\/2024\/05\/wp-17157526277209027906049956465940.jpg?fit=1083%2C1444&ssl=1","width":1083,"height":1444},{"@type":"BreadcrumbList","@id":"https:\/\/www.spdgransee-fuerstenberg.de\/?p=681#breadcrumb","itemListElement":[{"@type":"ListItem","position":1,"name":"Startseite","item":"https:\/\/www.spdgransee-fuerstenberg.de\/"},{"@type":"ListItem","position":2,"name":"B\u00fcrgerdialog: Gransee &#8211; Leben im Alltag und im Alter"}]},{"@type":"WebSite","@id":"https:\/\/www.spdgransee-fuerstenberg.de\/#website","url":"https:\/\/www.spdgransee-fuerstenberg.de\/","name":"","description":"","potentialAction":[{"@type":"SearchAction","target":{"@type":"EntryPoint","urlTemplate":"https:\/\/www.spdgransee-fuerstenberg.de\/?s={search_term_string}"},"query-input":{"@type":"PropertyValueSpecification","valueRequired":true,"valueName":"search_term_string"}}],"inLanguage":"de"},{"@type":"Person","@id":"https:\/\/www.spdgransee-fuerstenberg.de\/#\/schema\/person\/3a06cbacd51380161115a667bdd143ed","name":"SPDGranseeFueberg","image":{"@type":"ImageObject","inLanguage":"de","@id":"https:\/\/secure.gravatar.com\/avatar\/4a66f41cca6ed558e848f835e11ccca08909424d0980d55c0ac101002d30dd8d?s=96&d=mm&r=g","url":"https:\/\/secure.gravatar.com\/avatar\/4a66f41cca6ed558e848f835e11ccca08909424d0980d55c0ac101002d30dd8d?s=96&d=mm&r=g","contentUrl":"https:\/\/secure.gravatar.com\/avatar\/4a66f41cca6ed558e848f835e11ccca08909424d0980d55c0ac101002d30dd8d?s=96&d=mm&r=g","caption":"SPDGranseeFueberg"},"sameAs":["https:\/\/www.spdgransee-fuerstenberg.de"],"url":"https:\/\/www.spdgransee-fuerstenberg.de\/?author=1"}]}},"jetpack_featured_media_url":"https:\/\/i0.wp.com\/www.spdgransee-fuerstenberg.de\/wp-content\/uploads\/2024\/05\/wp-17157526277209027906049956465940.jpg?fit=1083%2C1444&ssl=1","jetpack_sharing_enabled":true,"_links":{"self":[{"href":"https:\/\/www.spdgransee-fuerstenberg.de\/index.php?rest_route=\/wp\/v2\/posts\/681","targetHints":{"allow":["GET"]}}],"collection":[{"href":"https:\/\/www.spdgransee-fuerstenberg.de\/index.php?rest_route=\/wp\/v2\/posts"}],"about":[{"href":"https:\/\/www.spdgransee-fuerstenberg.de\/index.php?rest_route=\/wp\/v2\/types\/post"}],"author":[{"embeddable":true,"href":"https:\/\/www.spdgransee-fuerstenberg.de\/index.php?rest_route=\/wp\/v2\/users\/1"}],"replies":[{"embeddable":true,"href":"https:\/\/www.spdgransee-fuerstenberg.de\/index.php?rest_route=%2Fwp%2Fv2%2Fcomments&post=681"}],"version-history":[{"count":2,"href":"https:\/\/www.spdgransee-fuerstenberg.de\/index.php?rest_route=\/wp\/v2\/posts\/681\/revisions"}],"predecessor-version":[{"id":688,"href":"https:\/\/www.spdgransee-fuerstenberg.de\/index.php?rest_route=\/wp\/v2\/posts\/681\/revisions\/688"}],"wp:featuredmedia":[{"embeddable":true,"href":"https:\/\/www.spdgransee-fuerstenberg.de\/index.php?rest_route=\/wp\/v2\/media\/682"}],"wp:attachment":[{"href":"https:\/\/www.spdgransee-fuerstenberg.de\/index.php?rest_route=%2Fwp%2Fv2%2Fmedia&parent=681"}],"wp:term":[{"taxonomy":"category","embeddable":true,"href":"https:\/\/www.spdgransee-fuerstenberg.de\/index.php?rest_route=%2Fwp%2Fv2%2Fcategories&post=681"},{"taxonomy":"post_tag","embeddable":true,"href":"https:\/\/www.spdgransee-fuerstenberg.de\/index.php?rest_route=%2Fwp%2Fv2%2Ftags&post=681"}],"curies":[{"name":"wp","href":"https:\/\/api.w.org\/{rel}","templated":true}]}}