{"id":727,"date":"2024-06-22T18:38:04","date_gmt":"2024-06-22T16:38:04","guid":{"rendered":"https:\/\/www.spdgransee-fuerstenberg.de\/?p=727"},"modified":"2024-06-22T18:38:05","modified_gmt":"2024-06-22T16:38:05","slug":"stichwahl-zur-buergermeisterwahl-am-30-juni-2024","status":"publish","type":"post","link":"https:\/\/www.spdgransee-fuerstenberg.de\/?p=727","title":{"rendered":"Stichwahl zur B\u00fcrgermeisterwahl am 30. Juni 2024"},"content":{"rendered":"\n<p>Seit der Kommunalwahl vom 9. Juni 2024 steht fest, welche Kandidierenden in der Stadtverordnetenversammlung Gransee, den Gemeinder\u00e4ten der amtsangeh\u00f6rigen Gemeinden und in den Ortsbeir\u00e4ten in den n\u00e4chsten f\u00fcnf Jahren die kommunalpolitische Verantwortung tragen. Au\u00dferdem wurden in Stechlin, Gro\u00dfwoltersdorf, Sonnenberg und Sch\u00f6nermark die ehrenamtlichen B\u00fcrgermeister gew\u00e4hlt. <\/p>\n\n\n\n<p>Eine Entscheidung steht aber noch aus: bei der B\u00fcrgermeisterwahl in Gransee erreichte keine\/r der Kandidierenden das notwendige Quorum (15 % aller Wahlberechtigten). Daher findet am 30. Juni eine Stichwahl zwischen unserem Kandidaten, Wolfgang Schwericke, und dem Bewerber der CDU, Andreas Hirtzel, statt.<\/p>\n\n\n\n<figure class=\"wp-block-image size-large\"><img data-recalc-dims=\"1\" loading=\"lazy\" decoding=\"async\" width=\"640\" height=\"906\" src=\"https:\/\/i0.wp.com\/www.spdgransee-fuerstenberg.de\/wp-content\/uploads\/2024\/06\/wp-17190718131737646595024558975553.jpg?resize=640%2C906&#038;ssl=1\" alt=\"\" class=\"wp-image-726\" srcset=\"https:\/\/i0.wp.com\/www.spdgransee-fuerstenberg.de\/wp-content\/uploads\/2024\/06\/wp-17190718131737646595024558975553.jpg?resize=723%2C1024&amp;ssl=1 723w, https:\/\/i0.wp.com\/www.spdgransee-fuerstenberg.de\/wp-content\/uploads\/2024\/06\/wp-17190718131737646595024558975553.jpg?resize=212%2C300&amp;ssl=1 212w, https:\/\/i0.wp.com\/www.spdgransee-fuerstenberg.de\/wp-content\/uploads\/2024\/06\/wp-17190718131737646595024558975553.jpg?resize=768%2C1088&amp;ssl=1 768w, https:\/\/i0.wp.com\/www.spdgransee-fuerstenberg.de\/wp-content\/uploads\/2024\/06\/wp-17190718131737646595024558975553.jpg?resize=191%2C270&amp;ssl=1 191w, https:\/\/i0.wp.com\/www.spdgransee-fuerstenberg.de\/wp-content\/uploads\/2024\/06\/wp-17190718131737646595024558975553.jpg?w=820&amp;ssl=1 820w\" sizes=\"auto, (max-width: 640px) 100vw, 640px\" \/><\/figure>\n\n\n\n<p>Liebe B\u00fcrgerinnen und B\u00fcrger der Kernstadt und der Ortsteile, machen Sie bitte am 30. Juni 2024 von Ihrem Wahlrecht Gebrauch. Ihr Wahllokal kennen Sie ja. Die Wahlbenachrichtigungskarte haben Sie wieder mitbekommen. Selbst wenn Sie sie nicht mehr finden, nehmen Sie Ihren Personalausweis mit.  Und wer am 9. Juni Briefwahl gemacht hat, bekommt die Wahlzettel f\u00fcr die Stichwahl direkt zugeschickt.<\/p>\n\n\n\n<p>Und bitte geben Sie Ihre Stimme Wolfgang Schwericke. Warum?<\/p>\n\n\n\n<p>Darum:<\/p>\n\n\n\n<figure class=\"wp-block-image size-large\"><img data-recalc-dims=\"1\" loading=\"lazy\" decoding=\"async\" width=\"640\" height=\"540\" src=\"https:\/\/i0.wp.com\/www.spdgransee-fuerstenberg.de\/wp-content\/uploads\/2024\/06\/wp-17190735982514582098863239017251.jpg?resize=640%2C540&#038;ssl=1\" alt=\"\" class=\"wp-image-732\" srcset=\"https:\/\/i0.wp.com\/www.spdgransee-fuerstenberg.de\/wp-content\/uploads\/2024\/06\/wp-17190735982514582098863239017251.jpg?resize=1024%2C864&amp;ssl=1 1024w, https:\/\/i0.wp.com\/www.spdgransee-fuerstenberg.de\/wp-content\/uploads\/2024\/06\/wp-17190735982514582098863239017251.jpg?resize=300%2C253&amp;ssl=1 300w, https:\/\/i0.wp.com\/www.spdgransee-fuerstenberg.de\/wp-content\/uploads\/2024\/06\/wp-17190735982514582098863239017251.jpg?resize=768%2C648&amp;ssl=1 768w, https:\/\/i0.wp.com\/www.spdgransee-fuerstenberg.de\/wp-content\/uploads\/2024\/06\/wp-17190735982514582098863239017251.jpg?resize=1536%2C1296&amp;ssl=1 1536w, https:\/\/i0.wp.com\/www.spdgransee-fuerstenberg.de\/wp-content\/uploads\/2024\/06\/wp-17190735982514582098863239017251.jpg?resize=320%2C270&amp;ssl=1 320w, https:\/\/i0.wp.com\/www.spdgransee-fuerstenberg.de\/wp-content\/uploads\/2024\/06\/wp-17190735982514582098863239017251.jpg?w=1880&amp;ssl=1 1880w, https:\/\/i0.wp.com\/www.spdgransee-fuerstenberg.de\/wp-content\/uploads\/2024\/06\/wp-17190735982514582098863239017251.jpg?w=1280&amp;ssl=1 1280w\" sizes=\"auto, (max-width: 640px) 100vw, 640px\" \/><\/figure>\n\n\n\n<p><\/p>\n\n\n\n<p><\/p>\n","protected":false},"excerpt":{"rendered":"<p>Seit der Kommunalwahl vom 9. Juni 2024 steht fest, welche Kandidierenden in der Stadtverordnetenversammlung Gransee, den Gemeinder\u00e4ten der amtsangeh\u00f6rigen Gemeinden und in den Ortsbeir\u00e4ten in den n\u00e4chsten f\u00fcnf Jahren die kommunalpolitische Verantwortung tragen. Au\u00dferdem wurden in Stechlin, Gro\u00dfwoltersdorf, Sonnenberg und Sch\u00f6nermark die ehrenamtlichen B\u00fcrgermeister gew\u00e4hlt. Eine Entscheidung steht aber noch aus: bei der B\u00fcrgermeisterwahl in Gransee erreichte keine\/r der Kandidierenden das notwendige Quorum (15 % aller Wahlberechtigten). Daher findet am 30. Juni eine Stichwahl zwischen unserem Kandidaten, Wolfgang Schwericke, und&#8230;<\/p>\n<p class=\"read-more\"><a class=\"btn btn-default\" href=\"https:\/\/www.spdgransee-fuerstenberg.de\/?p=727\">Weiterlesen<span class=\"screen-reader-text\"> Weiterlesen<\/span><\/a><\/p>\n","protected":false},"author":1,"featured_media":0,"comment_status":"open","ping_status":"open","sticky":false,"template":"","format":"standard","meta":{"_jetpack_memberships_contains_paid_content":false,"footnotes":""},"categories":[3],"tags":[14,13,7],"class_list":["post-727","post","type-post","status-publish","format-standard","hentry","category-politisches","tag-buergermeister","tag-gransee","tag-kommunalwahl"],"yoast_head":"<!-- This site is optimized with the Yoast SEO plugin v27.5 - https:\/\/yoast.com\/product\/yoast-seo-wordpress\/ -->\n<title>Stichwahl zur B\u00fcrgermeisterwahl am 30. Juni 2024 -<\/title>\n<meta name=\"robots\" content=\"index, follow, max-snippet:-1, max-image-preview:large, max-video-preview:-1\" \/>\n<link rel=\"canonical\" href=\"https:\/\/www.spdgransee-fuerstenberg.de\/?p=727\" \/>\n<meta property=\"og:locale\" content=\"de_DE\" \/>\n<meta property=\"og:type\" content=\"article\" \/>\n<meta property=\"og:title\" content=\"Stichwahl zur B\u00fcrgermeisterwahl am 30. Juni 2024 -\" \/>\n<meta property=\"og:description\" content=\"Seit der Kommunalwahl vom 9. Juni 2024 steht fest, welche Kandidierenden in der Stadtverordnetenversammlung Gransee, den Gemeinder\u00e4ten der amtsangeh\u00f6rigen Gemeinden und in den Ortsbeir\u00e4ten in den n\u00e4chsten f\u00fcnf Jahren die kommunalpolitische Verantwortung tragen. Au\u00dferdem wurden in Stechlin, Gro\u00dfwoltersdorf, Sonnenberg und Sch\u00f6nermark die ehrenamtlichen B\u00fcrgermeister gew\u00e4hlt. Eine Entscheidung steht aber noch aus: bei der B\u00fcrgermeisterwahl in Gransee erreichte keine\/r der Kandidierenden das notwendige Quorum (15 % aller Wahlberechtigten). Daher findet am 30. Juni eine Stichwahl zwischen unserem Kandidaten, Wolfgang Schwericke, und...Weiterlesen Weiterlesen\" \/>\n<meta property=\"og:url\" content=\"https:\/\/www.spdgransee-fuerstenberg.de\/?p=727\" \/>\n<meta property=\"article:published_time\" content=\"2024-06-22T16:38:04+00:00\" \/>\n<meta property=\"article:modified_time\" content=\"2024-06-22T16:38:05+00:00\" \/>\n<meta property=\"og:image\" content=\"https:\/\/www.spdgransee-fuerstenberg.de\/wp-content\/uploads\/2024\/06\/wp-17190718131737646595024558975553-723x1024.jpg\" \/>\n<meta name=\"author\" content=\"SPDGranseeFueberg\" \/>\n<meta name=\"twitter:card\" content=\"summary_large_image\" \/>\n<meta name=\"twitter:label1\" content=\"Verfasst von\" \/>\n\t<meta name=\"twitter:data1\" content=\"SPDGranseeFueberg\" \/>\n\t<meta name=\"twitter:label2\" content=\"Gesch\u00e4tzte Lesezeit\" \/>\n\t<meta name=\"twitter:data2\" content=\"1\u00a0Minute\" \/>\n<script type=\"application\/ld+json\" class=\"yoast-schema-graph\">{\"@context\":\"https:\\\/\\\/schema.org\",\"@graph\":[{\"@type\":\"Article\",\"@id\":\"https:\\\/\\\/www.spdgransee-fuerstenberg.de\\\/?p=727#article\",\"isPartOf\":{\"@id\":\"https:\\\/\\\/www.spdgransee-fuerstenberg.de\\\/?p=727\"},\"author\":{\"name\":\"SPDGranseeFueberg\",\"@id\":\"https:\\\/\\\/www.spdgransee-fuerstenberg.de\\\/#\\\/schema\\\/person\\\/3a06cbacd51380161115a667bdd143ed\"},\"headline\":\"Stichwahl zur B\u00fcrgermeisterwahl am 30. Juni 2024\",\"datePublished\":\"2024-06-22T16:38:04+00:00\",\"dateModified\":\"2024-06-22T16:38:05+00:00\",\"mainEntityOfPage\":{\"@id\":\"https:\\\/\\\/www.spdgransee-fuerstenberg.de\\\/?p=727\"},\"wordCount\":169,\"commentCount\":0,\"image\":{\"@id\":\"https:\\\/\\\/www.spdgransee-fuerstenberg.de\\\/?p=727#primaryimage\"},\"thumbnailUrl\":\"https:\\\/\\\/www.spdgransee-fuerstenberg.de\\\/wp-content\\\/uploads\\\/2024\\\/06\\\/wp-17190718131737646595024558975553-723x1024.jpg\",\"keywords\":[\"B\u00fcrgermeister\",\"Gransee\",\"Kommunalwahl\"],\"articleSection\":[\"Politisches\"],\"inLanguage\":\"de\",\"potentialAction\":[{\"@type\":\"CommentAction\",\"name\":\"Comment\",\"target\":[\"https:\\\/\\\/www.spdgransee-fuerstenberg.de\\\/?p=727#respond\"]}]},{\"@type\":\"WebPage\",\"@id\":\"https:\\\/\\\/www.spdgransee-fuerstenberg.de\\\/?p=727\",\"url\":\"https:\\\/\\\/www.spdgransee-fuerstenberg.de\\\/?p=727\",\"name\":\"Stichwahl zur B\u00fcrgermeisterwahl am 30. Juni 2024 -\",\"isPartOf\":{\"@id\":\"https:\\\/\\\/www.spdgransee-fuerstenberg.de\\\/#website\"},\"primaryImageOfPage\":{\"@id\":\"https:\\\/\\\/www.spdgransee-fuerstenberg.de\\\/?p=727#primaryimage\"},\"image\":{\"@id\":\"https:\\\/\\\/www.spdgransee-fuerstenberg.de\\\/?p=727#primaryimage\"},\"thumbnailUrl\":\"https:\\\/\\\/www.spdgransee-fuerstenberg.de\\\/wp-content\\\/uploads\\\/2024\\\/06\\\/wp-17190718131737646595024558975553-723x1024.jpg\",\"datePublished\":\"2024-06-22T16:38:04+00:00\",\"dateModified\":\"2024-06-22T16:38:05+00:00\",\"author\":{\"@id\":\"https:\\\/\\\/www.spdgransee-fuerstenberg.de\\\/#\\\/schema\\\/person\\\/3a06cbacd51380161115a667bdd143ed\"},\"breadcrumb\":{\"@id\":\"https:\\\/\\\/www.spdgransee-fuerstenberg.de\\\/?p=727#breadcrumb\"},\"inLanguage\":\"de\",\"potentialAction\":[{\"@type\":\"ReadAction\",\"target\":[\"https:\\\/\\\/www.spdgransee-fuerstenberg.de\\\/?p=727\"]}]},{\"@type\":\"ImageObject\",\"inLanguage\":\"de\",\"@id\":\"https:\\\/\\\/www.spdgransee-fuerstenberg.de\\\/?p=727#primaryimage\",\"url\":\"https:\\\/\\\/i0.wp.com\\\/www.spdgransee-fuerstenberg.de\\\/wp-content\\\/uploads\\\/2024\\\/06\\\/wp-17190718131737646595024558975553.jpg?fit=820%2C1162&ssl=1\",\"contentUrl\":\"https:\\\/\\\/i0.wp.com\\\/www.spdgransee-fuerstenberg.de\\\/wp-content\\\/uploads\\\/2024\\\/06\\\/wp-17190718131737646595024558975553.jpg?fit=820%2C1162&ssl=1\",\"width\":820,\"height\":1162},{\"@type\":\"BreadcrumbList\",\"@id\":\"https:\\\/\\\/www.spdgransee-fuerstenberg.de\\\/?p=727#breadcrumb\",\"itemListElement\":[{\"@type\":\"ListItem\",\"position\":1,\"name\":\"Startseite\",\"item\":\"https:\\\/\\\/www.spdgransee-fuerstenberg.de\\\/\"},{\"@type\":\"ListItem\",\"position\":2,\"name\":\"Stichwahl zur B\u00fcrgermeisterwahl am 30. Juni 2024\"}]},{\"@type\":\"WebSite\",\"@id\":\"https:\\\/\\\/www.spdgransee-fuerstenberg.de\\\/#website\",\"url\":\"https:\\\/\\\/www.spdgransee-fuerstenberg.de\\\/\",\"name\":\"\",\"description\":\"\",\"potentialAction\":[{\"@type\":\"SearchAction\",\"target\":{\"@type\":\"EntryPoint\",\"urlTemplate\":\"https:\\\/\\\/www.spdgransee-fuerstenberg.de\\\/?s={search_term_string}\"},\"query-input\":{\"@type\":\"PropertyValueSpecification\",\"valueRequired\":true,\"valueName\":\"search_term_string\"}}],\"inLanguage\":\"de\"},{\"@type\":\"Person\",\"@id\":\"https:\\\/\\\/www.spdgransee-fuerstenberg.de\\\/#\\\/schema\\\/person\\\/3a06cbacd51380161115a667bdd143ed\",\"name\":\"SPDGranseeFueberg\",\"image\":{\"@type\":\"ImageObject\",\"inLanguage\":\"de\",\"@id\":\"https:\\\/\\\/secure.gravatar.com\\\/avatar\\\/4a66f41cca6ed558e848f835e11ccca08909424d0980d55c0ac101002d30dd8d?s=96&d=mm&r=g\",\"url\":\"https:\\\/\\\/secure.gravatar.com\\\/avatar\\\/4a66f41cca6ed558e848f835e11ccca08909424d0980d55c0ac101002d30dd8d?s=96&d=mm&r=g\",\"contentUrl\":\"https:\\\/\\\/secure.gravatar.com\\\/avatar\\\/4a66f41cca6ed558e848f835e11ccca08909424d0980d55c0ac101002d30dd8d?s=96&d=mm&r=g\",\"caption\":\"SPDGranseeFueberg\"},\"sameAs\":[\"https:\\\/\\\/www.spdgransee-fuerstenberg.de\"],\"url\":\"https:\\\/\\\/www.spdgransee-fuerstenberg.de\\\/?author=1\"}]}<\/script>\n<!-- \/ Yoast SEO plugin. -->","yoast_head_json":{"title":"Stichwahl zur B\u00fcrgermeisterwahl am 30. Juni 2024 -","robots":{"index":"index","follow":"follow","max-snippet":"max-snippet:-1","max-image-preview":"max-image-preview:large","max-video-preview":"max-video-preview:-1"},"canonical":"https:\/\/www.spdgransee-fuerstenberg.de\/?p=727","og_locale":"de_DE","og_type":"article","og_title":"Stichwahl zur B\u00fcrgermeisterwahl am 30. Juni 2024 -","og_description":"Seit der Kommunalwahl vom 9. Juni 2024 steht fest, welche Kandidierenden in der Stadtverordnetenversammlung Gransee, den Gemeinder\u00e4ten der amtsangeh\u00f6rigen Gemeinden und in den Ortsbeir\u00e4ten in den n\u00e4chsten f\u00fcnf Jahren die kommunalpolitische Verantwortung tragen. Au\u00dferdem wurden in Stechlin, Gro\u00dfwoltersdorf, Sonnenberg und Sch\u00f6nermark die ehrenamtlichen B\u00fcrgermeister gew\u00e4hlt. Eine Entscheidung steht aber noch aus: bei der B\u00fcrgermeisterwahl in Gransee erreichte keine\/r der Kandidierenden das notwendige Quorum (15 % aller Wahlberechtigten). Daher findet am 30. Juni eine Stichwahl zwischen unserem Kandidaten, Wolfgang Schwericke, und...Weiterlesen Weiterlesen","og_url":"https:\/\/www.spdgransee-fuerstenberg.de\/?p=727","article_published_time":"2024-06-22T16:38:04+00:00","article_modified_time":"2024-06-22T16:38:05+00:00","og_image":[{"url":"https:\/\/www.spdgransee-fuerstenberg.de\/wp-content\/uploads\/2024\/06\/wp-17190718131737646595024558975553-723x1024.jpg","type":"","width":"","height":""}],"author":"SPDGranseeFueberg","twitter_card":"summary_large_image","twitter_misc":{"Verfasst von":"SPDGranseeFueberg","Gesch\u00e4tzte Lesezeit":"1\u00a0Minute"},"schema":{"@context":"https:\/\/schema.org","@graph":[{"@type":"Article","@id":"https:\/\/www.spdgransee-fuerstenberg.de\/?p=727#article","isPartOf":{"@id":"https:\/\/www.spdgransee-fuerstenberg.de\/?p=727"},"author":{"name":"SPDGranseeFueberg","@id":"https:\/\/www.spdgransee-fuerstenberg.de\/#\/schema\/person\/3a06cbacd51380161115a667bdd143ed"},"headline":"Stichwahl zur B\u00fcrgermeisterwahl am 30. Juni 2024","datePublished":"2024-06-22T16:38:04+00:00","dateModified":"2024-06-22T16:38:05+00:00","mainEntityOfPage":{"@id":"https:\/\/www.spdgransee-fuerstenberg.de\/?p=727"},"wordCount":169,"commentCount":0,"image":{"@id":"https:\/\/www.spdgransee-fuerstenberg.de\/?p=727#primaryimage"},"thumbnailUrl":"https:\/\/www.spdgransee-fuerstenberg.de\/wp-content\/uploads\/2024\/06\/wp-17190718131737646595024558975553-723x1024.jpg","keywords":["B\u00fcrgermeister","Gransee","Kommunalwahl"],"articleSection":["Politisches"],"inLanguage":"de","potentialAction":[{"@type":"CommentAction","name":"Comment","target":["https:\/\/www.spdgransee-fuerstenberg.de\/?p=727#respond"]}]},{"@type":"WebPage","@id":"https:\/\/www.spdgransee-fuerstenberg.de\/?p=727","url":"https:\/\/www.spdgransee-fuerstenberg.de\/?p=727","name":"Stichwahl zur B\u00fcrgermeisterwahl am 30. Juni 2024 -","isPartOf":{"@id":"https:\/\/www.spdgransee-fuerstenberg.de\/#website"},"primaryImageOfPage":{"@id":"https:\/\/www.spdgransee-fuerstenberg.de\/?p=727#primaryimage"},"image":{"@id":"https:\/\/www.spdgransee-fuerstenberg.de\/?p=727#primaryimage"},"thumbnailUrl":"https:\/\/www.spdgransee-fuerstenberg.de\/wp-content\/uploads\/2024\/06\/wp-17190718131737646595024558975553-723x1024.jpg","datePublished":"2024-06-22T16:38:04+00:00","dateModified":"2024-06-22T16:38:05+00:00","author":{"@id":"https:\/\/www.spdgransee-fuerstenberg.de\/#\/schema\/person\/3a06cbacd51380161115a667bdd143ed"},"breadcrumb":{"@id":"https:\/\/www.spdgransee-fuerstenberg.de\/?p=727#breadcrumb"},"inLanguage":"de","potentialAction":[{"@type":"ReadAction","target":["https:\/\/www.spdgransee-fuerstenberg.de\/?p=727"]}]},{"@type":"ImageObject","inLanguage":"de","@id":"https:\/\/www.spdgransee-fuerstenberg.de\/?p=727#primaryimage","url":"https:\/\/i0.wp.com\/www.spdgransee-fuerstenberg.de\/wp-content\/uploads\/2024\/06\/wp-17190718131737646595024558975553.jpg?fit=820%2C1162&ssl=1","contentUrl":"https:\/\/i0.wp.com\/www.spdgransee-fuerstenberg.de\/wp-content\/uploads\/2024\/06\/wp-17190718131737646595024558975553.jpg?fit=820%2C1162&ssl=1","width":820,"height":1162},{"@type":"BreadcrumbList","@id":"https:\/\/www.spdgransee-fuerstenberg.de\/?p=727#breadcrumb","itemListElement":[{"@type":"ListItem","position":1,"name":"Startseite","item":"https:\/\/www.spdgransee-fuerstenberg.de\/"},{"@type":"ListItem","position":2,"name":"Stichwahl zur B\u00fcrgermeisterwahl am 30. Juni 2024"}]},{"@type":"WebSite","@id":"https:\/\/www.spdgransee-fuerstenberg.de\/#website","url":"https:\/\/www.spdgransee-fuerstenberg.de\/","name":"","description":"","potentialAction":[{"@type":"SearchAction","target":{"@type":"EntryPoint","urlTemplate":"https:\/\/www.spdgransee-fuerstenberg.de\/?s={search_term_string}"},"query-input":{"@type":"PropertyValueSpecification","valueRequired":true,"valueName":"search_term_string"}}],"inLanguage":"de"},{"@type":"Person","@id":"https:\/\/www.spdgransee-fuerstenberg.de\/#\/schema\/person\/3a06cbacd51380161115a667bdd143ed","name":"SPDGranseeFueberg","image":{"@type":"ImageObject","inLanguage":"de","@id":"https:\/\/secure.gravatar.com\/avatar\/4a66f41cca6ed558e848f835e11ccca08909424d0980d55c0ac101002d30dd8d?s=96&d=mm&r=g","url":"https:\/\/secure.gravatar.com\/avatar\/4a66f41cca6ed558e848f835e11ccca08909424d0980d55c0ac101002d30dd8d?s=96&d=mm&r=g","contentUrl":"https:\/\/secure.gravatar.com\/avatar\/4a66f41cca6ed558e848f835e11ccca08909424d0980d55c0ac101002d30dd8d?s=96&d=mm&r=g","caption":"SPDGranseeFueberg"},"sameAs":["https:\/\/www.spdgransee-fuerstenberg.de"],"url":"https:\/\/www.spdgransee-fuerstenberg.de\/?author=1"}]}},"jetpack_featured_media_url":"","jetpack_sharing_enabled":true,"_links":{"self":[{"href":"https:\/\/www.spdgransee-fuerstenberg.de\/index.php?rest_route=\/wp\/v2\/posts\/727","targetHints":{"allow":["GET"]}}],"collection":[{"href":"https:\/\/www.spdgransee-fuerstenberg.de\/index.php?rest_route=\/wp\/v2\/posts"}],"about":[{"href":"https:\/\/www.spdgransee-fuerstenberg.de\/index.php?rest_route=\/wp\/v2\/types\/post"}],"author":[{"embeddable":true,"href":"https:\/\/www.spdgransee-fuerstenberg.de\/index.php?rest_route=\/wp\/v2\/users\/1"}],"replies":[{"embeddable":true,"href":"https:\/\/www.spdgransee-fuerstenberg.de\/index.php?rest_route=%2Fwp%2Fv2%2Fcomments&post=727"}],"version-history":[{"count":4,"href":"https:\/\/www.spdgransee-fuerstenberg.de\/index.php?rest_route=\/wp\/v2\/posts\/727\/revisions"}],"predecessor-version":[{"id":736,"href":"https:\/\/www.spdgransee-fuerstenberg.de\/index.php?rest_route=\/wp\/v2\/posts\/727\/revisions\/736"}],"wp:attachment":[{"href":"https:\/\/www.spdgransee-fuerstenberg.de\/index.php?rest_route=%2Fwp%2Fv2%2Fmedia&parent=727"}],"wp:term":[{"taxonomy":"category","embeddable":true,"href":"https:\/\/www.spdgransee-fuerstenberg.de\/index.php?rest_route=%2Fwp%2Fv2%2Fcategories&post=727"},{"taxonomy":"post_tag","embeddable":true,"href":"https:\/\/www.spdgransee-fuerstenberg.de\/index.php?rest_route=%2Fwp%2Fv2%2Ftags&post=727"}],"curies":[{"name":"wp","href":"https:\/\/api.w.org\/{rel}","templated":true}]}}